{"id":4672,"date":"2026-01-14T13:20:11","date_gmt":"2026-01-14T10:20:11","guid":{"rendered":"https:\/\/wonjo.kids\/?p=4672"},"modified":"2026-02-23T09:29:55","modified_gmt":"2026-02-23T06:29:55","slug":"cocugum-anaokuluna-hazir-mi","status":"publish","type":"post","link":"https:\/\/wonjo.kids\/tr\/blog\/ogrenme\/cocugum-anaokuluna-hazir-mi\/","title":{"rendered":"\u00c7ocu\u011fum Anaokuluna Haz\u0131r m\u0131? \u00d6zg\u00fcven ve Beceri Rehberi"},"content":{"rendered":"\n<p>\u00c7ocu\u011funuzun anaokuluna ba\u015flama s\u00fcreci yaln\u0131zca bir e\u011fitim karar\u0131 de\u011fildir. Bu d\u00f6nem; ebeveyn olarak sizin i\u00e7in heyecan, belirsizlik ve bazen de kayg\u0131 bar\u0131nd\u0131ran duygusal bir e\u015fiktir. &#8220;Acaba haz\u0131r m\u0131?&#8221;, &#8220;Zorlan\u0131r m\u0131?&#8221;, &#8220;Erken mi kal\u0131r ge\u00e7 mi?&#8221; gibi sorular\u0131n zihninizde d\u00f6nmesi son derece do\u011fald\u0131r. Bu rehberde, \u00e7ocu\u011funuzu ba\u015fkalar\u0131yla k\u0131yaslamadan; onun duygusal d\u00fcnyas\u0131n\u0131, \u00f6zg\u00fcvenini ve g\u00fcnl\u00fck ya\u015fam becerilerini merkeze alarak daha net ve rahatlat\u0131c\u0131 bir bak\u0131\u015f sunmay\u0131 ama\u00e7l\u0131yoruz.<\/p>\n\n\n\n<h2 class=\"wp-block-heading\"><strong>\u00c7ocu\u011fum Anaokuluna Haz\u0131r m\u0131 Nas\u0131l Anlar\u0131m? Davran\u0131\u015flar\u0131n Arkas\u0131ndaki Ger\u00e7ek \u0130\u015faretler<\/strong><\/h2>\n\n\n\n<p>&#8220;Haz\u0131r olmak&#8221; \u00e7o\u011fu zaman yanl\u0131\u015f anla\u015f\u0131l\u0131r. Bir\u00e7ok ebeveyn i\u00e7in bu, say\u0131lar\u0131 bilmek ya da renkleri ay\u0131rt etmek anlam\u0131na gelir. Oysa anaokuluna uyum, akademik bilgilerden \u00e7ok duygusal ve sosyal becerilerle ilgilidir.<\/p>\n\n\n\n<p>Say\u0131lar\u0131 bilmek ya da renkleri ay\u0131rt etmek tek ba\u015f\u0131na yeterli de\u011fildir. Bu bili\u015fsel i\u015faretler elbette olumlu g\u00f6stergelerdir; ancak bir \u00e7ocu\u011fun ba\u011f\u0131ms\u0131zl\u0131k seviyesi, dikkat s\u00fcresi ve ba\u015fa \u00e7\u0131kma becerisi esas belirleyicilerdir. \u00d6zellikle oyun s\u0131ras\u0131nda sergiledi\u011fi davran\u0131\u015flar, okul ortam\u0131nda nas\u0131l bir uyum g\u00f6sterece\u011fine dair \u00f6nemli ipu\u00e7lar\u0131 verir.<\/p>\n\n\n\n<p>A\u015fa\u011f\u0131daki davran\u0131\u015flar, \u00e7ocu\u011fun anaokuluna uyum sa\u011flayabilece\u011fini g\u00f6steren ger\u00e7ek i\u015faretlerdir:<\/p>\n\n\n\n<ul class=\"wp-block-list\">\n<li>Oyun s\u0131ras\u0131nda payla\u015fmay\u0131 denemesi<\/li>\n\n\n\n<li>K\u0131sa s\u00fcreli de olsa s\u0131ray\u0131 bekleyebilmesi<\/li>\n\n\n\n<li>Basit kurallar\u0131 takip etmeye \u00e7al\u0131\u015fmas\u0131<\/li>\n\n\n\n<li>Hayal k\u0131r\u0131kl\u0131\u011f\u0131 ya\u015fad\u0131\u011f\u0131nda tamamen vazge\u00e7mek yerine yeniden denemesi<\/li>\n<\/ul>\n\n\n\n<p>\u00c7ocu\u011fum anaokuluna haz\u0131r m\u0131 nas\u0131l anlar\u0131m sorusunun yan\u0131t\u0131, \u00e7ocu\u011fun g\u00fcnl\u00fck hayattaki mikro davran\u0131\u015flar\u0131nda gizlidir. Sabah rutinlerini kendi ba\u015f\u0131na yapmaya \u00e7al\u0131\u015fmas\u0131, k\u0131sa y\u00f6nergeleri anlamas\u0131, duygular\u0131n\u0131 kelimelere d\u00f6kebilmesi ve k\u00fc\u00e7\u00fck problemleri \u00e7\u00f6zmeye \u00e7abalamas\u0131, ger\u00e7ek haz\u0131rl\u0131k g\u00f6stergeleridir.<\/p>\n\n\n\n<p><strong>\u00d6rne\u011fin<\/strong>:<\/p>\n\n\n\n<ul class=\"wp-block-list\">\n<li>Yeni bir ortama girdi\u011finde g\u00f6zlem yapmay\u0131 tercih etmesi<\/li>\n\n\n\n<li>Yabanc\u0131 bir yeti\u015fkinle k\u0131sa s\u00fcreli ileti\u015fim kurabilmesi<\/li>\n\n\n\n<li>Hayal k\u0131r\u0131kl\u0131\u011f\u0131 ya\u015fad\u0131\u011f\u0131nda a\u011flama s\u00fcresinin giderek k\u0131salmas\u0131<\/li>\n<\/ul>\n\n\n\n<h2 class=\"wp-block-heading\"><strong>Anaokuluna Ba\u015flamadan \u00d6nce Hangi Beceriler Gerekli?&nbsp;<\/strong><\/h2>\n\n\n\n<p>Bir\u00e7ok ebeveyn, \u00e7ocu\u011fun kalem tutup tutamad\u0131\u011f\u0131n\u0131 sorgularken, asl\u0131nda daha kritik becerileri g\u00f6zden ka\u00e7\u0131r\u0131r. Anaokuluna ba\u015flamadan \u00f6nce hangi beceriler gerekli sorusunun cevab\u0131 akademik de\u011fil, ya\u015famsald\u0131r. Okula uyum s\u00fcrecini kolayla\u015ft\u0131ran bu beceriler; \u00e7ocu\u011fun \u00f6zg\u00fcvenini ve ba\u011f\u0131ms\u0131zl\u0131\u011f\u0131n\u0131 destekler, \u00f6\u011fretmenlerle ve ya\u015f\u0131tlar\u0131yla sa\u011fl\u0131kl\u0131 ili\u015fkiler kurmas\u0131n\u0131 sa\u011flar.<\/p>\n\n\n\n<p>Anaokuluna ba\u015flamadan \u00f6nce \u00e7ocuklarda bulunmas\u0131 beklenen temel beceriler \u015funlard\u0131r:<\/p>\n\n\n\n<p><strong>\u0130steklerini ifade edebilme<\/strong><strong><br><\/strong>\u201cTuvaletim geldi\u201d, \u201cYard\u0131m eder misin?\u201d gibi basit c\u00fcmlelerle ihtiya\u00e7lar\u0131n\u0131 anlatabilmesi.<\/p>\n\n\n\n<p><strong>K\u0131sa s\u00fcreli ayr\u0131l\u0131\u011fa tolerans<\/strong><strong><br><\/strong>Ebeveynden koparken tamamen da\u011f\u0131lmamak, \u00e7ocu\u011fun kendini g\u00fcvende hissetti\u011fini g\u00f6sterir.<\/p>\n\n\n\n<p><strong>S\u0131ra bekleme ve payla\u015f\u0131m fark\u0131ndal\u0131\u011f\u0131<\/strong><strong><br><\/strong>Sosyal kurallar\u0131 \u00f6\u011frenmeye ba\u015flamas\u0131, s\u0131n\u0131f i\u00e7i uyum i\u00e7in \u00f6nemli bir ad\u0131md\u0131r.<\/p>\n\n\n\n<p><strong>Basit \u00f6z bak\u0131m giri\u015fimleri<\/strong><strong><br><\/strong>Montunu giymeye \u00e7al\u0131\u015fmas\u0131, \u00e7antas\u0131n\u0131 tan\u0131mas\u0131 gibi g\u00fcnl\u00fck i\u015flerde ba\u011f\u0131ms\u0131zl\u0131k denemeleri.<\/p>\n\n\n\n<h2 class=\"wp-block-heading\"><strong>\u00c7ocu\u011fum Anaokuluna Ne Zaman Ba\u015flayacak?<\/strong><\/h2>\n\n\n\n<p>\u00c7ocu\u011funuzun anaokuluna ba\u015flayaca\u011f\u0131 zaman\u0131 belirlerken s\u0131k\u00e7a s\u00f6ylenen say\u0131lardan \u00f6teye bakmak gerekir; takvim ya\u015f\u0131 \u00e7o\u011fu zaman yan\u0131lt\u0131c\u0131d\u0131r. Ebeveynlerin \u201cka\u00e7 ya\u015f\u0131nda\u201d sorusuna odaklanmas\u0131 son derece anla\u015f\u0131l\u0131r olsa da, \u00e7ocu\u011fum anaokuluna ne zaman ba\u015flayacak sorusu bundan \u00e7ok daha fazlas\u0131n\u0131 i\u00e7erir.<\/p>\n\n\n\n<p>Ba\u015flamak i\u00e7in do\u011fru zaman genellikle \u015fu g\u00f6stergelerle anla\u015f\u0131l\u0131r:<\/p>\n\n\n\n<ul class=\"wp-block-list\">\n<li>Ev d\u0131\u015f\u0131ndaki yeti\u015fkin fig\u00fcrlerine merak duymas\u0131<\/li>\n\n\n\n<li>Oyun s\u0131ras\u0131nda rol yapma davran\u0131\u015flar\u0131n\u0131n artmas\u0131<\/li>\n\n\n\n<li>G\u00fcnl\u00fck rutinlere daha kolay uyum sa\u011flamas\u0131<\/li>\n\n\n\n<li>G\u00fcn i\u00e7inde daha dengeli bir ruh h\u00e2li g\u00f6stermesi<\/li>\n<\/ul>\n\n\n\n<p>Baz\u0131 \u00e7ocuklar 3 ya\u015f\u0131nda haz\u0131r hissederken, baz\u0131lar\u0131 i\u00e7in 4 ya\u015f \u00e7ok daha sa\u011fl\u0131kl\u0131 bir ba\u015flang\u0131\u00e7 olabilir. Burada \u00f6nemli olan \u00e7ocu\u011fun i\u00e7 ritmidir. Ebeveynler ve \u00f6\u011fretmenler birlikte de\u011ferlendirerek en uygun zaman\u0131 bulabilirler.<\/p>\n\n\n\n<p>\u00d6zg\u00fcven, \u201cutanga\u00e7 olmamak\u201d de\u011fildir. \u00c7ocu\u011fun kendini oldu\u011fu gibi kabul edebilmesidir. Anaokuluna ba\u015flayacak bir \u00e7ocuk i\u00e7in \u00f6zg\u00fcven, yeni bir ortamda hata yapabilme cesaretidir.<\/p>\n\n\n\n<h2 class=\"wp-block-heading\"><strong>\u00d6zg\u00fcven Anaokuluna Haz\u0131rl\u0131kta Neden Bu Kadar \u00d6nemli?<\/strong><\/h2>\n\n\n\n<p>\u00d6zg\u00fcven, \u00e7o\u011fu zaman yanl\u0131\u015f anla\u015f\u0131l\u0131r. \u00d6zg\u00fcven \u201cutanga\u00e7 olmamak\u201d de\u011fildir; \u00e7ocu\u011fun kendini oldu\u011fu gibi kabul edebilmesi ve hata yapmaya cesaret edebilmesidir. Anaokuluna ba\u015flayacak bir \u00e7ocuk i\u00e7in \u00f6zg\u00fcven, yeni bir ortamda deneme yapabilme cesaretidir.<\/p>\n\n\n\n<p><strong>\u00d6zg\u00fcveni desteklemek i\u00e7in:<\/strong><\/p>\n\n\n\n<ul class=\"wp-block-list\">\n<li>S\u00fcrekli d\u00fczeltmek yerine denemesine alan a\u00e7\u0131n<\/li>\n\n\n\n<li>\u201cAferin\u201d demek yerine \u201cBunu nas\u0131l yapt\u0131\u011f\u0131n\u0131 fark ettin mi?\u201d gibi fark\u0131ndal\u0131k sorular\u0131 sorun<\/li>\n\n\n\n<li>Ba\u015fka \u00e7ocuklarla k\u0131yaslamaktan bilin\u00e7li olarak ka\u00e7\u0131n\u0131n<\/li>\n<\/ul>\n\n\n\n<h2 class=\"wp-block-heading\"><strong>\u00c7ocu\u011fum Anaokuluna Haz\u0131r m\u0131? Karar\u0131 Vermeden \u00d6nce Kendinize Sorun<\/strong><\/h2>\n\n\n\n<p>Ebeveynler olarak bu karar\u0131 verirken \u00e7o\u011fu zaman fark\u0131nda olmadan kendi kayg\u0131lar\u0131m\u0131z\u0131 merkeze al\u0131r\u0131z. Bu olduk\u00e7a insani bir durumdur. Ancak \u201c\u00e7ocu\u011fum anaokuluna haz\u0131r m\u0131?\u201d sorusuna yan\u0131t ararken yaln\u0131zca okulun pratik ko\u015fullar\u0131na de\u011fil, kendi i\u00e7sel motivasyonlar\u0131m\u0131za da bakmak gerekir.<\/p>\n\n\n\n<p>Karar \u00f6ncesinde kendinize \u015fu sorular\u0131 sormak faydal\u0131 olabilir:<\/p>\n\n\n\n<ul class=\"wp-block-list\">\n<li>Bu karar\u0131 ger\u00e7ekten \u00e7ocu\u011fum i\u00e7in mi al\u0131yorum?<\/li>\n\n\n\n<li>Kendi program\u0131m ve rahatl\u0131\u011f\u0131m bu kararda ne kadar etkili?<\/li>\n\n\n\n<li>\u00c7ocu\u011fumun zorlanma ihtimali beni mi daha \u00e7ok korkutuyor?<\/li>\n\n\n\n<li>Onun h\u0131z\u0131na ger\u00e7ekten sayg\u0131 duyuyor muyum?<\/li>\n<\/ul>\n\n\n\n<p>Bu sorulara verilen d\u00fcr\u00fcst yan\u0131tlar, en sa\u011fl\u0131kl\u0131 ad\u0131ma y\u00f6nlendirecektir.<\/p>\n\n\n\n<h2 class=\"wp-block-heading\"><strong>Anaokuluna Ba\u015flamadan \u00d6nce Evde Yap\u0131labilecek Haz\u0131rl\u0131klar<\/strong><\/h2>\n\n\n\n<p>Resm\u00ee haz\u0131rl\u0131klar kadar g\u00f6r\u00fcnmeyen haz\u0131rl\u0131klar da \u00f6nemlidir. Evde yap\u0131lacak k\u00fc\u00e7\u00fck d\u00fczenlemeler, \u00e7ocu\u011fun okul fikrine al\u0131\u015fmas\u0131n\u0131 ve kendini daha g\u00fcvende hissetmesini sa\u011flar.<\/p>\n\n\n\n<p>Evde uygulanabilecek pratik haz\u0131rl\u0131klar \u015funlard\u0131r:<\/p>\n\n\n\n<ul class=\"wp-block-list\">\n<li>Odas\u0131nda k\u00fc\u00e7\u00fck bir \u00e7al\u0131\u015fma veya boyama k\u00f6\u015fesi olu\u015fturmak<\/li>\n\n\n\n<li>Okul \u00e7antas\u0131 i\u00e7in sabit bir ask\u0131 belirlemek<\/li>\n\n\n\n<li>Sabah rutinlerini okul saatlerine yakla\u015ft\u0131rmak<\/li>\n\n\n\n<li>Oyuncaklarla \u201cokul oyunu\u201d kurgulamak<\/li>\n\n\n\n<li>G\u00fcn sonunda k\u0131sa bir g\u00fcn de\u011ferlendirmesi yapmak<\/li>\n<\/ul>\n\n\n\n<h2 class=\"wp-block-heading\"><strong>Anaokuluna Ba\u015flamak \u00c7ocukta Ba\u011flanma Sorununa Yol A\u00e7ar m\u0131?<\/strong><\/h2>\n\n\n\n<p>Anaokuluna ba\u015flamak aile ve \u00e7ocuk i\u00e7in heyecanl\u0131 ama zaman zaman kayg\u0131l\u0131 bir d\u00f6nem olabilir. Do\u011fru ve g\u00fcvenli bir ge\u00e7i\u015fle ba\u015fland\u0131\u011f\u0131nda anaokulu ba\u011flanma sorununa yol a\u00e7maz; aksine \u00e7ocu\u011fun sosyal ba\u011flar\u0131n\u0131 g\u00fc\u00e7lendirir. Ebeveyn deste\u011fi, tutarl\u0131 vedala\u015fma rutinleri ve \u00f6\u011fretmenle kurulan g\u00fcven ili\u015fkisi bu s\u00fcreci sa\u011fl\u0131kl\u0131 k\u0131lar.<\/p>\n\n\n\n<h2 class=\"wp-block-heading\"><strong>Anaokuluna Ba\u015flayan \u00c7ocukta Geli\u015fimsel Gerileme Normal midir?<\/strong><\/h2>\n\n\n\n<p>Anaokuluna ba\u015flayan \u00e7ocuklarda geli\u015fimsel gerileme s\u0131k g\u00f6r\u00fclen bir durumdur ve \u00e7o\u011fu zaman endi\u015fe verici de\u011fildir. Tuvalet kazalar\u0131nda art\u0131\u015f, daha fazla ilgi isteme ya da bebeksi davran\u0131\u015flar ge\u00e7ici bir uyum s\u00fcrecinin par\u00e7as\u0131 olabilir.<\/p>\n\n\n\n<p>Bu d\u00f6nemde ebeveynler i\u00e7in \u00f6nemli olan:<\/p>\n\n\n\n<ul class=\"wp-block-list\">\n<li>Panik yapmamak<\/li>\n\n\n\n<li>G\u00fcnl\u00fck rutinleri korumak<\/li>\n\n\n\n<li>Sab\u0131rl\u0131 ve tutarl\u0131 bir yakla\u015f\u0131m sergilemek<\/li>\n<\/ul>\n\n\n\n<p>\u00c7o\u011fu \u00e7ocuk, k\u0131sa bir uyum s\u00fcrecinin ard\u0131ndan yeniden dengesini bulur.<\/p>\n","protected":false},"excerpt":{"rendered":"<p>Anaokuluna haz\u0131r olmak, sadece say\u0131lar\u0131 bilmek ya da kalemi do\u011fru tutmak de\u011fildir. \u00c7ocu\u011fun kendini g\u00fcvende hissetmesi, k\u0131sa s\u00fcreli ayr\u0131l\u0131klara dayanabilmesi, ihtiya\u00e7lar\u0131n\u0131 ifade edebilmesi ve k\u00fc\u00e7\u00fck sorumluluklar\u0131 \u00fcstlenebilmesi en az akademik beceriler kadar \u00f6nemlidir. Bu rehberde, \u00e7ocu\u011funuzun \u00f6zg\u00fcvenini destekleyen g\u00fcnl\u00fck ipu\u00e7lar\u0131n\u0131 ve \u2018haz\u0131r olu\u015fu\u2019 g\u00f6steren temel becerileri ad\u0131m ad\u0131m ele alaca\u011f\u0131z.<\/p>\n","protected":false},"author":[371],"featured_media":4686,"comment_status":"closed","ping_status":"closed","sticky":false,"template":"","format":"standard","meta":{"_acf_changed":false,"footnotes":""},"categories":[390],"tags":[],"class_list":["post-4672","post","type-post","status-publish","format-standard","has-post-thumbnail","hentry","category-ogrenme","author-wonjo-editorial-team"],"acf":[],"yoast_head":"<!-- This site is optimized with the Yoast SEO plugin v27.3 - https:\/\/yoast.com\/product\/yoast-seo-wordpress\/ -->\n<title>\u00c7ocu\u011fum Anaokuluna Haz\u0131r m\u0131? \u00d6zg\u00fcven ve Beceri Rehberi - WonJo Kids<\/title>\n<meta name=\"description\" content=\"\u00c7ocu\u011fum anaokuluna haz\u0131r m\u0131? Gerekli beceriler, \u00f6zg\u00fcven i\u015faretleri ve do\u011fru ba\u015flama zaman\u0131 hakk\u0131nda uzman rehberi.\" \/>\n<meta name=\"robots\" content=\"index, follow, max-snippet:-1, max-image-preview:large, max-video-preview:-1\" \/>\n<link rel=\"canonical\" href=\"https:\/\/wonjo.kids\/tr\/blog\/ogrenme\/cocugum-anaokuluna-hazir-mi\/\" \/>\n<meta property=\"og:locale\" content=\"tr_TR\" \/>\n<meta property=\"og:type\" content=\"article\" \/>\n<meta property=\"og:title\" content=\"\u00c7ocu\u011fum Anaokuluna Haz\u0131r m\u0131? \u00d6zg\u00fcven ve Beceri Rehberi - WonJo Kids\" \/>\n<meta property=\"og:description\" content=\"\u00c7ocu\u011fum anaokuluna haz\u0131r m\u0131? Gerekli beceriler, \u00f6zg\u00fcven i\u015faretleri ve do\u011fru ba\u015flama zaman\u0131 hakk\u0131nda uzman rehberi.\" \/>\n<meta property=\"og:url\" content=\"https:\/\/wonjo.kids\/tr\/blog\/ogrenme\/cocugum-anaokuluna-hazir-mi\/\" \/>\n<meta property=\"og:site_name\" content=\"WonJo Kids\" \/>\n<meta property=\"article:publisher\" content=\"https:\/\/www.facebook.com\/wonjo.kids\/\" \/>\n<meta property=\"article:published_time\" content=\"2026-01-14T10:20:11+00:00\" \/>\n<meta property=\"article:modified_time\" content=\"2026-02-23T06:29:55+00:00\" \/>\n<meta property=\"og:image\" content=\"https:\/\/wonjo.kids\/wp-content\/uploads\/2026\/01\/iStock-2161932829-1.jpg\" \/>\n\t<meta property=\"og:image:width\" content=\"1254\" \/>\n\t<meta property=\"og:image:height\" content=\"836\" \/>\n\t<meta property=\"og:image:type\" content=\"image\/jpeg\" \/>\n<meta name=\"twitter:card\" content=\"summary_large_image\" \/>\n<meta name=\"twitter:label1\" content=\"Yazan:\" \/>\n\t<meta name=\"twitter:data1\" content=\"\" \/>\n\t<meta name=\"twitter:label2\" content=\"Tahmini okuma s\u00fcresi\" \/>\n\t<meta name=\"twitter:data2\" content=\"4 dakika\" \/>\n<script type=\"application\/ld+json\" class=\"yoast-schema-graph\">{\"@context\":\"https:\\\/\\\/schema.org\",\"@graph\":[{\"@type\":\"Article\",\"@id\":\"https:\\\/\\\/wonjo.kids\\\/tr\\\/blog\\\/ogrenme\\\/cocugum-anaokuluna-hazir-mi\\\/#article\",\"isPartOf\":{\"@id\":\"https:\\\/\\\/wonjo.kids\\\/tr\\\/blog\\\/ogrenme\\\/cocugum-anaokuluna-hazir-mi\\\/\"},\"author\":{\"name\":\"\",\"@id\":\"\"},\"headline\":\"\u00c7ocu\u011fum Anaokuluna Haz\u0131r m\u0131? \u00d6zg\u00fcven ve Beceri Rehberi\",\"datePublished\":\"2026-01-14T10:20:11+00:00\",\"dateModified\":\"2026-02-23T06:29:55+00:00\",\"mainEntityOfPage\":{\"@id\":\"https:\\\/\\\/wonjo.kids\\\/tr\\\/blog\\\/ogrenme\\\/cocugum-anaokuluna-hazir-mi\\\/\"},\"wordCount\":1228,\"image\":{\"@id\":\"https:\\\/\\\/wonjo.kids\\\/tr\\\/blog\\\/ogrenme\\\/cocugum-anaokuluna-hazir-mi\\\/#primaryimage\"},\"thumbnailUrl\":\"https:\\\/\\\/wonjo.kids\\\/wp-content\\\/uploads\\\/2026\\\/01\\\/iStock-2161932829-1.jpg\",\"articleSection\":[\"\u00d6\u011frenme\"],\"inLanguage\":\"tr\"},{\"@type\":\"WebPage\",\"@id\":\"https:\\\/\\\/wonjo.kids\\\/tr\\\/blog\\\/ogrenme\\\/cocugum-anaokuluna-hazir-mi\\\/\",\"url\":\"https:\\\/\\\/wonjo.kids\\\/tr\\\/blog\\\/ogrenme\\\/cocugum-anaokuluna-hazir-mi\\\/\",\"name\":\"\u00c7ocu\u011fum Anaokuluna Haz\u0131r m\u0131? \u00d6zg\u00fcven ve Beceri Rehberi - WonJo Kids\",\"isPartOf\":{\"@id\":\"https:\\\/\\\/wonjo.kids\\\/tr\\\/#website\"},\"primaryImageOfPage\":{\"@id\":\"https:\\\/\\\/wonjo.kids\\\/tr\\\/blog\\\/ogrenme\\\/cocugum-anaokuluna-hazir-mi\\\/#primaryimage\"},\"image\":{\"@id\":\"https:\\\/\\\/wonjo.kids\\\/tr\\\/blog\\\/ogrenme\\\/cocugum-anaokuluna-hazir-mi\\\/#primaryimage\"},\"thumbnailUrl\":\"https:\\\/\\\/wonjo.kids\\\/wp-content\\\/uploads\\\/2026\\\/01\\\/iStock-2161932829-1.jpg\",\"datePublished\":\"2026-01-14T10:20:11+00:00\",\"dateModified\":\"2026-02-23T06:29:55+00:00\",\"author\":{\"@id\":\"\"},\"description\":\"\u00c7ocu\u011fum anaokuluna haz\u0131r m\u0131? Gerekli beceriler, \u00f6zg\u00fcven i\u015faretleri ve do\u011fru ba\u015flama zaman\u0131 hakk\u0131nda uzman rehberi.\",\"breadcrumb\":{\"@id\":\"https:\\\/\\\/wonjo.kids\\\/tr\\\/blog\\\/ogrenme\\\/cocugum-anaokuluna-hazir-mi\\\/#breadcrumb\"},\"inLanguage\":\"tr\",\"potentialAction\":[{\"@type\":\"ReadAction\",\"target\":[\"https:\\\/\\\/wonjo.kids\\\/tr\\\/blog\\\/ogrenme\\\/cocugum-anaokuluna-hazir-mi\\\/\"]}]},{\"@type\":\"ImageObject\",\"inLanguage\":\"tr\",\"@id\":\"https:\\\/\\\/wonjo.kids\\\/tr\\\/blog\\\/ogrenme\\\/cocugum-anaokuluna-hazir-mi\\\/#primaryimage\",\"url\":\"https:\\\/\\\/wonjo.kids\\\/wp-content\\\/uploads\\\/2026\\\/01\\\/iStock-2161932829-1.jpg\",\"contentUrl\":\"https:\\\/\\\/wonjo.kids\\\/wp-content\\\/uploads\\\/2026\\\/01\\\/iStock-2161932829-1.jpg\",\"width\":1254,\"height\":836,\"caption\":\"Little girl entering the classroom going back to school\"},{\"@type\":\"BreadcrumbList\",\"@id\":\"https:\\\/\\\/wonjo.kids\\\/tr\\\/blog\\\/ogrenme\\\/cocugum-anaokuluna-hazir-mi\\\/#breadcrumb\",\"itemListElement\":[{\"@type\":\"ListItem\",\"position\":1,\"name\":\"Home\",\"item\":\"https:\\\/\\\/wonjo.kids\\\/tr\\\/ana-sayfa\\\/\"},{\"@type\":\"ListItem\",\"position\":2,\"name\":\"\u00c7ocu\u011fum Anaokuluna Haz\u0131r m\u0131? \u00d6zg\u00fcven ve Beceri Rehberi\"}]},{\"@type\":\"WebSite\",\"@id\":\"https:\\\/\\\/wonjo.kids\\\/tr\\\/#website\",\"url\":\"https:\\\/\\\/wonjo.kids\\\/tr\\\/\",\"name\":\"WonJo Kids\",\"description\":\"\",\"potentialAction\":[{\"@type\":\"SearchAction\",\"target\":{\"@type\":\"EntryPoint\",\"urlTemplate\":\"https:\\\/\\\/wonjo.kids\\\/tr\\\/?s={search_term_string}\"},\"query-input\":{\"@type\":\"PropertyValueSpecification\",\"valueRequired\":true,\"valueName\":\"search_term_string\"}}],\"inLanguage\":\"tr\"},{\"@type\":\"Person\",\"@id\":\"\",\"url\":\"https:\\\/\\\/wonjo.kids\\\/tr\\\/author\\\/\"}]}<\/script>\n<!-- \/ Yoast SEO plugin. -->","yoast_head_json":{"title":"\u00c7ocu\u011fum Anaokuluna Haz\u0131r m\u0131? \u00d6zg\u00fcven ve Beceri Rehberi - WonJo Kids","description":"\u00c7ocu\u011fum anaokuluna haz\u0131r m\u0131? Gerekli beceriler, \u00f6zg\u00fcven i\u015faretleri ve do\u011fru ba\u015flama zaman\u0131 hakk\u0131nda uzman rehberi.","robots":{"index":"index","follow":"follow","max-snippet":"max-snippet:-1","max-image-preview":"max-image-preview:large","max-video-preview":"max-video-preview:-1"},"canonical":"https:\/\/wonjo.kids\/tr\/blog\/ogrenme\/cocugum-anaokuluna-hazir-mi\/","og_locale":"tr_TR","og_type":"article","og_title":"\u00c7ocu\u011fum Anaokuluna Haz\u0131r m\u0131? \u00d6zg\u00fcven ve Beceri Rehberi - WonJo Kids","og_description":"\u00c7ocu\u011fum anaokuluna haz\u0131r m\u0131? Gerekli beceriler, \u00f6zg\u00fcven i\u015faretleri ve do\u011fru ba\u015flama zaman\u0131 hakk\u0131nda uzman rehberi.","og_url":"https:\/\/wonjo.kids\/tr\/blog\/ogrenme\/cocugum-anaokuluna-hazir-mi\/","og_site_name":"WonJo Kids","article_publisher":"https:\/\/www.facebook.com\/wonjo.kids\/","article_published_time":"2026-01-14T10:20:11+00:00","article_modified_time":"2026-02-23T06:29:55+00:00","og_image":[{"width":1254,"height":836,"url":"https:\/\/wonjo.kids\/wp-content\/uploads\/2026\/01\/iStock-2161932829-1.jpg","type":"image\/jpeg"}],"twitter_card":"summary_large_image","twitter_misc":{"Yazan:":"","Tahmini okuma s\u00fcresi":"4 dakika"},"schema":{"@context":"https:\/\/schema.org","@graph":[{"@type":"Article","@id":"https:\/\/wonjo.kids\/tr\/blog\/ogrenme\/cocugum-anaokuluna-hazir-mi\/#article","isPartOf":{"@id":"https:\/\/wonjo.kids\/tr\/blog\/ogrenme\/cocugum-anaokuluna-hazir-mi\/"},"author":{"name":"","@id":""},"headline":"\u00c7ocu\u011fum Anaokuluna Haz\u0131r m\u0131? \u00d6zg\u00fcven ve Beceri Rehberi","datePublished":"2026-01-14T10:20:11+00:00","dateModified":"2026-02-23T06:29:55+00:00","mainEntityOfPage":{"@id":"https:\/\/wonjo.kids\/tr\/blog\/ogrenme\/cocugum-anaokuluna-hazir-mi\/"},"wordCount":1228,"image":{"@id":"https:\/\/wonjo.kids\/tr\/blog\/ogrenme\/cocugum-anaokuluna-hazir-mi\/#primaryimage"},"thumbnailUrl":"https:\/\/wonjo.kids\/wp-content\/uploads\/2026\/01\/iStock-2161932829-1.jpg","articleSection":["\u00d6\u011frenme"],"inLanguage":"tr"},{"@type":"WebPage","@id":"https:\/\/wonjo.kids\/tr\/blog\/ogrenme\/cocugum-anaokuluna-hazir-mi\/","url":"https:\/\/wonjo.kids\/tr\/blog\/ogrenme\/cocugum-anaokuluna-hazir-mi\/","name":"\u00c7ocu\u011fum Anaokuluna Haz\u0131r m\u0131? \u00d6zg\u00fcven ve Beceri Rehberi - WonJo Kids","isPartOf":{"@id":"https:\/\/wonjo.kids\/tr\/#website"},"primaryImageOfPage":{"@id":"https:\/\/wonjo.kids\/tr\/blog\/ogrenme\/cocugum-anaokuluna-hazir-mi\/#primaryimage"},"image":{"@id":"https:\/\/wonjo.kids\/tr\/blog\/ogrenme\/cocugum-anaokuluna-hazir-mi\/#primaryimage"},"thumbnailUrl":"https:\/\/wonjo.kids\/wp-content\/uploads\/2026\/01\/iStock-2161932829-1.jpg","datePublished":"2026-01-14T10:20:11+00:00","dateModified":"2026-02-23T06:29:55+00:00","author":{"@id":""},"description":"\u00c7ocu\u011fum anaokuluna haz\u0131r m\u0131? Gerekli beceriler, \u00f6zg\u00fcven i\u015faretleri ve do\u011fru ba\u015flama zaman\u0131 hakk\u0131nda uzman rehberi.","breadcrumb":{"@id":"https:\/\/wonjo.kids\/tr\/blog\/ogrenme\/cocugum-anaokuluna-hazir-mi\/#breadcrumb"},"inLanguage":"tr","potentialAction":[{"@type":"ReadAction","target":["https:\/\/wonjo.kids\/tr\/blog\/ogrenme\/cocugum-anaokuluna-hazir-mi\/"]}]},{"@type":"ImageObject","inLanguage":"tr","@id":"https:\/\/wonjo.kids\/tr\/blog\/ogrenme\/cocugum-anaokuluna-hazir-mi\/#primaryimage","url":"https:\/\/wonjo.kids\/wp-content\/uploads\/2026\/01\/iStock-2161932829-1.jpg","contentUrl":"https:\/\/wonjo.kids\/wp-content\/uploads\/2026\/01\/iStock-2161932829-1.jpg","width":1254,"height":836,"caption":"Little girl entering the classroom going back to school"},{"@type":"BreadcrumbList","@id":"https:\/\/wonjo.kids\/tr\/blog\/ogrenme\/cocugum-anaokuluna-hazir-mi\/#breadcrumb","itemListElement":[{"@type":"ListItem","position":1,"name":"Home","item":"https:\/\/wonjo.kids\/tr\/ana-sayfa\/"},{"@type":"ListItem","position":2,"name":"\u00c7ocu\u011fum Anaokuluna Haz\u0131r m\u0131? \u00d6zg\u00fcven ve Beceri Rehberi"}]},{"@type":"WebSite","@id":"https:\/\/wonjo.kids\/tr\/#website","url":"https:\/\/wonjo.kids\/tr\/","name":"WonJo Kids","description":"","potentialAction":[{"@type":"SearchAction","target":{"@type":"EntryPoint","urlTemplate":"https:\/\/wonjo.kids\/tr\/?s={search_term_string}"},"query-input":{"@type":"PropertyValueSpecification","valueRequired":true,"valueName":"search_term_string"}}],"inLanguage":"tr"},{"@type":"Person","@id":"","url":"https:\/\/wonjo.kids\/tr\/author\/"}]}},"_links":{"self":[{"href":"https:\/\/wonjo.kids\/tr\/wp-json\/wp\/v2\/posts\/4672","targetHints":{"allow":["GET"]}}],"collection":[{"href":"https:\/\/wonjo.kids\/tr\/wp-json\/wp\/v2\/posts"}],"about":[{"href":"https:\/\/wonjo.kids\/tr\/wp-json\/wp\/v2\/types\/post"}],"author":[{"embeddable":true,"href":"https:\/\/wonjo.kids\/tr\/wp-json\/wp\/v2\/users\/371"}],"replies":[{"embeddable":true,"href":"https:\/\/wonjo.kids\/tr\/wp-json\/wp\/v2\/comments?post=4672"}],"version-history":[{"count":1,"href":"https:\/\/wonjo.kids\/tr\/wp-json\/wp\/v2\/posts\/4672\/revisions"}],"predecessor-version":[{"id":5302,"href":"https:\/\/wonjo.kids\/tr\/wp-json\/wp\/v2\/posts\/4672\/revisions\/5302"}],"wp:featuredmedia":[{"embeddable":true,"href":"https:\/\/wonjo.kids\/tr\/wp-json\/wp\/v2\/media\/4686"}],"wp:attachment":[{"href":"https:\/\/wonjo.kids\/tr\/wp-json\/wp\/v2\/media?parent=4672"}],"wp:term":[{"taxonomy":"category","embeddable":true,"href":"https:\/\/wonjo.kids\/tr\/wp-json\/wp\/v2\/categories?post=4672"},{"taxonomy":"post_tag","embeddable":true,"href":"https:\/\/wonjo.kids\/tr\/wp-json\/wp\/v2\/tags?post=4672"},{"taxonomy":"author","embeddable":true,"href":"https:\/\/wonjo.kids\/tr\/wp-json\/wp\/v2\/author?post=4672"}],"curies":[{"name":"wp","href":"https:\/\/api.w.org\/{rel}","templated":true}]}}